{"id":2432,"date":"2022-06-13T08:50:18","date_gmt":"2022-06-13T06:50:18","guid":{"rendered":"https:\/\/cabinet-gide.fr\/?p=2432"},"modified":"2022-06-13T08:50:18","modified_gmt":"2022-06-13T06:50:18","slug":"le_quartier_de_lorangerie","status":"publish","type":"post","link":"https:\/\/cabinet-gide.fr\/index.php\/2022\/06\/13\/le_quartier_de_lorangerie\/","title":{"rendered":"Le quartier de L\u2019Orangerie, incontournable \u00e0 Strasbourg"},"content":{"rendered":"<p><span style=\"font-weight: 400;\">Il est impossible de parler de nos magnifiques villes et villages alsaciens sans \u00e9voquer <strong>le quartier de l\u2019Orangerie<\/strong> \u00e0 Strasbourg. Situ\u00e9 au nord-est du centre historique de la ville, l&rsquo;Orangerie tient son nom du fameux <strong>parc<\/strong> o\u00f9 se retrouvent quotidiennement familles, sportifs, curieux\u2026 Un v\u00e9ritable lieu de vie et de rencontre \u00e0 deux pas des <strong>ambassades<\/strong>, des <strong>institutions<\/strong> europ\u00e9ennes et de <strong>r\u00e9sidences<\/strong> luxueuses.<\/span><\/p>\n<h2><span style=\"font-weight: 400;\">L\u2019histoire de l\u2019Orangerie<\/span><\/h2>\n<h3><span style=\"font-weight: 400;\">La naissance du pavillon Jos\u00e9phine<\/span><\/h3>\n<p><span style=\"font-weight: 400;\">Les origines de l\u2019Orangerie et plus particuli\u00e8rement de son parc sont quelque peu impr\u00e9cises. Qu\u2019il s\u2019agisse d\u2019une cr\u00e9ation originale d\u2019Antoine de Chaffat en 1700 ou d\u2019Andr\u00e9 Le N\u00f4tre en 1800, tout commence par une simple all\u00e9e dans <strong>Strasbourg<\/strong>. C\u2019est en 1804, sous le r\u00e8gne de Napol\u00e9on, que cent-quarante <strong>orangers<\/strong> sont d\u00e9plac\u00e9s \u00e0 Strasbourg. Ces derniers ont \u00e9t\u00e9 confisqu\u00e9s par les R\u00e9publicains au ch\u00e2teau de Bouxwiller lors de la R\u00e9volution, quelques ann\u00e9es auparavant. Les arbres sont alors entrepos\u00e9s dans un<strong> b\u00e2timent<\/strong> construit sp\u00e9cialement pour cet usage par Pierre-Valentin Boudhors, \u00e0 l\u2019emplacement de cette promenade \u00e0 Strasbourg. Ce magnifique \u00e9difice portera le nom de <strong>pavillon Jos\u00e9phine<\/strong>, en hommage \u00e0 la femme de napol\u00e9on, Jos\u00e9phine de Bauharnais (1763 &#8211; 1814).<\/span><\/p>\n<p><img decoding=\"async\" class=\"alignnone wp-image-2434 size-fusion-600\" src=\"https:\/\/cabinet-gide.fr\/wp-content\/uploads\/2022\/06\/Pavillon_Josephine-600x338.jpeg\" alt=\"Quartier de l'Orangerie - Le pavillon Jos\u00e9phine\" width=\"600\" height=\"338\" srcset=\"https:\/\/cabinet-gide.fr\/wp-content\/uploads\/2022\/06\/Pavillon_Josephine-200x113.jpeg 200w, https:\/\/cabinet-gide.fr\/wp-content\/uploads\/2022\/06\/Pavillon_Josephine-300x169.jpeg 300w, https:\/\/cabinet-gide.fr\/wp-content\/uploads\/2022\/06\/Pavillon_Josephine-400x225.jpeg 400w, https:\/\/cabinet-gide.fr\/wp-content\/uploads\/2022\/06\/Pavillon_Josephine-600x338.jpeg 600w, https:\/\/cabinet-gide.fr\/wp-content\/uploads\/2022\/06\/Pavillon_Josephine-768x432.jpeg 768w, https:\/\/cabinet-gide.fr\/wp-content\/uploads\/2022\/06\/Pavillon_Josephine-800x450.jpeg 800w, https:\/\/cabinet-gide.fr\/wp-content\/uploads\/2022\/06\/Pavillon_Josephine-1024x576.jpeg 1024w, https:\/\/cabinet-gide.fr\/wp-content\/uploads\/2022\/06\/Pavillon_Josephine-1200x675.jpeg 1200w, https:\/\/cabinet-gide.fr\/wp-content\/uploads\/2022\/06\/Pavillon_Josephine-1536x864.jpeg 1536w\" sizes=\"(max-width: 600px) 100vw, 600px\" \/><\/p>\n<h3><span style=\"font-weight: 400;\">Au c\u0153ur de la Neustadt, le quartier de l\u2019Orangerie\u00a0<\/span><\/h3>\n<p><span style=\"font-weight: 400;\">Il faudra moins d\u2019un si\u00e8cle pour que le parc s&rsquo;agrandisse et devienne ce qu\u2019il est aujourd\u2019hui. En 1895, dans le cadre de l\u2019<strong>exposition<\/strong> universelle et pour sceller son prestige, l&rsquo;Allemagne entreprend l\u2019agrandissement de Strasbourg avec <strong>la\u00a0\u201c\u00a0Neustadt \u201c<\/strong>. Dans cette entreprise, L&rsquo;Empire germanique d\u00e9cide alors d&rsquo;am\u00e9nager un immense espace de verdure. Ainsi, autour du pavillon Jos\u00e9phine, un <strong>lac\u00a0<\/strong>artificiel et une <strong>cascade<\/strong> voient le jour pour le plus grand bonheur des habitants. Le parc de l\u2019Orangerie est n\u00e9. Son importance est telle qu\u2019il finit par donner son nom au quartier le plus <strong>r\u00e9put\u00e9<\/strong> de Strasbourg.<\/span><\/p>\n<p><i><span style=\"font-weight: 400;\">Partez \u00e0 la d\u00e9couverte des quartiers de Strasbourg avec Gide immobilier et <\/span><\/i><a href=\"https:\/\/cabinet-gide.fr\/index.php\/2022\/05\/30\/immobilier-neustadt-strasbourg\/\"><i><span style=\"font-weight: 400;\">d\u00e9couvrez la \u201c\u00a0Neustadt \u201d.<\/span><\/i><\/a><\/p>\n<p><span style=\"font-weight: 400;\">Le quartier de l&rsquo;Orangerie englobe \u00e9galement celui des <strong>quinze<\/strong> qui doit son nom au Conseil du m\u00eame nom qui administra la ville de 1433 \u00e0 la R\u00e9volution.\u00a0<\/span><span style=\"font-weight: 400;\">Aujourd\u2019hui, il ne reste que trois orangers dans le parc. Le pavillon Jos\u00e9phine, quant \u00e0 lui, existe toujours. Il est r\u00e9guli\u00e8rement privatis\u00e9 et utilis\u00e9 pour des <strong>animations culturelles<\/strong> diverses.<\/span><\/p>\n<h2><span style=\"font-weight: 400;\">Le quartier de l\u2019Orangerie, verdure, calme et r\u00e9sidences<\/span><\/h2>\n<h3><span style=\"font-weight: 400;\">Un quartier calme et bourgeois<\/span><\/h3>\n<p><span style=\"font-weight: 400;\">Le parc de l\u2019Orangerie constitue la plus grande surface d&rsquo;espace vert de la <strong>capitale<\/strong> alsacienne avec ses vingt-six hectares. En son sein, le <strong>jardin botanique<\/strong> de l\u2019Universit\u00e9 s\u2019occupe de pas moins de 5 000 esp\u00e8ces de plantes r\u00e9parties sur plus de trois hectares.\u00a0<\/span><\/p>\n<p><span style=\"font-weight: 400;\">\u00c0 quelques pas du parc se trouvent les importants \u00e9difices <strong>europ\u00e9ens<\/strong> : le<strong> Conseil<\/strong> de l\u2019Europe, le <\/span><a href=\"https:\/\/www.europarl.europa.eu\/portal\/fr\"><span style=\"font-weight: 400;\"><strong>Parlement<\/strong> europ\u00e9en<\/span><\/a><span style=\"font-weight: 400;\"> et la <strong>Cour<\/strong> europ\u00e9enne des droits de l\u2019Homme.<\/span><\/p>\n<p><span style=\"font-weight: 400;\">Le quartier est \u00e9galement c\u00e9l\u00e8bre pour ses nombreuses <strong>villas<\/strong> bourgeoises inspir\u00e9es de la renaissance germanique. De plus, il s&rsquo;agit de la zone o\u00f9 sont regroup\u00e9es de nombreuses <strong>ambassades<\/strong> internationales. Ainsi, la r\u00e9putation du quartier de l&rsquo;Orangerie s\u2019est forg\u00e9e gr\u00e2ce \u00e0 la beaut\u00e9 des immeubles et par l\u2019ambiance paisible de ses rues.\u00a0<\/span><\/p>\n<p><img decoding=\"async\" class=\"alignnone wp-image-2436 size-fusion-600\" src=\"https:\/\/cabinet-gide.fr\/wp-content\/uploads\/2022\/06\/Strasbourg-Boulevard_de_lOrangerie-600x446.jpg\" alt=\"Une maison du quartier de l'Orangerie\" width=\"600\" height=\"446\" srcset=\"https:\/\/cabinet-gide.fr\/wp-content\/uploads\/2022\/06\/Strasbourg-Boulevard_de_lOrangerie-200x149.jpg 200w, https:\/\/cabinet-gide.fr\/wp-content\/uploads\/2022\/06\/Strasbourg-Boulevard_de_lOrangerie-300x223.jpg 300w, https:\/\/cabinet-gide.fr\/wp-content\/uploads\/2022\/06\/Strasbourg-Boulevard_de_lOrangerie-400x297.jpg 400w, https:\/\/cabinet-gide.fr\/wp-content\/uploads\/2022\/06\/Strasbourg-Boulevard_de_lOrangerie-600x446.jpg 600w, https:\/\/cabinet-gide.fr\/wp-content\/uploads\/2022\/06\/Strasbourg-Boulevard_de_lOrangerie-768x570.jpg 768w, https:\/\/cabinet-gide.fr\/wp-content\/uploads\/2022\/06\/Strasbourg-Boulevard_de_lOrangerie.jpg 800w\" sizes=\"(max-width: 600px) 100vw, 600px\" \/><\/p>\n<h3><span style=\"font-weight: 400;\">L\u2019immobilier dans le quartier de l\u2019orangerie<\/span><\/h3>\n<p><span style=\"font-weight: 400;\">Les contours du quartier de l\u2019Orangerie sont bord\u00e9s du c\u00f4t\u00e9 est par le bassin des Remparts et sa zone portuaire et par le canal de la Marne au Rhin au nord. Il est travers\u00e9 par l\u2019all\u00e9e de la Robertsau et l\u2019avenue de l\u2019Europe. L\u2019<strong>architecture<\/strong> dominante est encore fortement marqu\u00e9e par l\u2019empreinte du style <strong>germanique<\/strong> de la fin du dix-neuvi\u00e8me si\u00e8cle. De plus, L&rsquo;Orangerie est <\/span>compos\u00e9e de nombreux <strong>appartements<\/strong> de standing et de <strong>maisons<\/strong> de ma\u00eetre, ce qui en fait, depuis de nombreuses ann\u00e9es, le quartier le plus cher de Strasbourg.<\/p>\n<p><span style=\"font-weight: 400;\">Bien que les<strong> prix<\/strong> moyens \u00e0 l\u2019achat soient en augmentation de 43 % sur cinq ans, nous constatons une baisse du prix au m\u00e8tre carr\u00e9 d\u2019environ 4 % depuis 2021. Ainsi, le prix moyen du m\u00e8tre carr\u00e9 avoisine les 5 300 euros et peut atteindre 6 900 euros.<\/span><\/p>\n<p><span style=\"font-weight: 400;\">En ce qui concerne la<strong> location<\/strong>, il faut compter environ et en moyenne 18 euros du m\u00e8tre carr\u00e9. Ce chiffre est en augmentation de 11 % sur un an et de 17 % sur 5 ans. De plus, celui-ci peut monter jusqu\u2019\u00e0 31 euros pour certains emplacements privil\u00e9gi\u00e9s.<\/span><\/p>\n<p><span style=\"font-weight: 400;\">Aujourd\u2019hui, au c\u0153ur du quartier de l&rsquo;Orangerie de Strasbourg, en plus des promenades et des espaces verts, le parc propose un bowling, des restaurants, des glaciers et m\u00eame un zoo. Vous pourrez y rencontrer des <strong>habitants<\/strong> tr\u00e8s particuliers : lynx, paons, singes, cigognes et autres flamants roses. Un v\u00e9ritable paradis familial et multiculturel, en plein c\u0153ur de la capitale alsacienne. Et pour ceux qui voudraient plus de romantisme, il suffit de louer une barque pour une promenade bucolique sur le lac du parc.<\/span><\/p>\n<p><em>Tous nos biens immobiliers, dans les plus beaux quartiers de Strasbourg, sont sur <a href=\"https:\/\/cabinet-gide.fr\/index.php\/listings\/\">cabinet-gide.fr.<\/a><\/em><\/p>\n","protected":false},"excerpt":{"rendered":"<p>Il est impossible de parler de nos magnifiques villes et villages alsaciens sans \u00e9voquer le quartier de l\u2019Orangerie \u00e0 Strasbourg.  [&#8230;]<\/p>\n","protected":false},"author":1,"featured_media":2435,"comment_status":"open","ping_status":"open","sticky":false,"template":"","format":"standard","meta":{"footnotes":""},"categories":[1],"tags":[],"class_list":["post-2432","post","type-post","status-publish","format-standard","has-post-thumbnail","hentry","category-non-classe"],"yoast_head":"<!-- This site is optimized with the Yoast SEO plugin v27.4 - https:\/\/yoast.com\/product\/yoast-seo-wordpress\/ -->\n<title>Le quartier de L\u2019Orangerie, incontournable \u00e0 Strasbourg - Cabinet Gide<\/title>\n<meta name=\"description\" content=\"Le quartier de l&#039;Orangerie, proche des institutions europ\u00e9ennes et avec son parc incontournable, est tr\u00e8s pris\u00e9 \u00e0 Strasbourg.\" \/>\n<meta name=\"robots\" content=\"index, follow, max-snippet:-1, max-image-preview:large, max-video-preview:-1\" \/>\n<link rel=\"canonical\" href=\"https:\/\/cabinet-gide.fr\/index.php\/2022\/06\/13\/le_quartier_de_lorangerie\/\" \/>\n<meta property=\"og:locale\" content=\"fr_FR\" \/>\n<meta property=\"og:type\" content=\"article\" \/>\n<meta property=\"og:title\" content=\"Le quartier de L\u2019Orangerie, incontournable \u00e0 Strasbourg - Cabinet Gide\" \/>\n<meta property=\"og:description\" content=\"Le quartier de l&#039;Orangerie, proche des institutions europ\u00e9ennes et avec son parc incontournable, est tr\u00e8s pris\u00e9 \u00e0 Strasbourg.\" \/>\n<meta property=\"og:url\" content=\"https:\/\/cabinet-gide.fr\/index.php\/2022\/06\/13\/le_quartier_de_lorangerie\/\" \/>\n<meta property=\"og:site_name\" content=\"Cabinet Gide\" \/>\n<meta property=\"article:published_time\" content=\"2022-06-13T06:50:18+00:00\" \/>\n<meta property=\"og:image\" content=\"https:\/\/cabinet-gide.fr\/wp-content\/uploads\/2022\/06\/Parc_Orangerie_Strasbourg-scaled.jpeg\" \/>\n\t<meta property=\"og:image:width\" content=\"2560\" \/>\n\t<meta property=\"og:image:height\" content=\"1707\" \/>\n\t<meta property=\"og:image:type\" content=\"image\/jpeg\" \/>\n<meta name=\"author\" content=\"adminGIDE\" \/>\n<meta name=\"twitter:card\" content=\"summary_large_image\" \/>\n<meta name=\"twitter:label1\" content=\"\u00c9crit par\" \/>\n\t<meta name=\"twitter:data1\" content=\"adminGIDE\" \/>\n\t<meta name=\"twitter:label2\" content=\"Dur\u00e9e de lecture estim\u00e9e\" \/>\n\t<meta name=\"twitter:data2\" content=\"5 minutes\" \/>\n<script type=\"application\/ld+json\" class=\"yoast-schema-graph\">{\"@context\":\"https:\\\/\\\/schema.org\",\"@graph\":[{\"@type\":\"Article\",\"@id\":\"https:\\\/\\\/cabinet-gide.fr\\\/index.php\\\/2022\\\/06\\\/13\\\/le_quartier_de_lorangerie\\\/#article\",\"isPartOf\":{\"@id\":\"https:\\\/\\\/cabinet-gide.fr\\\/index.php\\\/2022\\\/06\\\/13\\\/le_quartier_de_lorangerie\\\/\"},\"author\":{\"name\":\"adminGIDE\",\"@id\":\"https:\\\/\\\/cabinet-gide.fr\\\/#\\\/schema\\\/person\\\/26a63b20d5fd519a0090f6f55f79c7fe\"},\"headline\":\"Le quartier de L\u2019Orangerie, incontournable \u00e0 Strasbourg\",\"datePublished\":\"2022-06-13T06:50:18+00:00\",\"mainEntityOfPage\":{\"@id\":\"https:\\\/\\\/cabinet-gide.fr\\\/index.php\\\/2022\\\/06\\\/13\\\/le_quartier_de_lorangerie\\\/\"},\"wordCount\":862,\"commentCount\":0,\"publisher\":{\"@id\":\"https:\\\/\\\/cabinet-gide.fr\\\/#organization\"},\"image\":{\"@id\":\"https:\\\/\\\/cabinet-gide.fr\\\/index.php\\\/2022\\\/06\\\/13\\\/le_quartier_de_lorangerie\\\/#primaryimage\"},\"thumbnailUrl\":\"https:\\\/\\\/cabinet-gide.fr\\\/wp-content\\\/uploads\\\/2022\\\/06\\\/Parc_Orangerie_Strasbourg-scaled.jpeg\",\"inLanguage\":\"fr-FR\",\"potentialAction\":[{\"@type\":\"CommentAction\",\"name\":\"Comment\",\"target\":[\"https:\\\/\\\/cabinet-gide.fr\\\/index.php\\\/2022\\\/06\\\/13\\\/le_quartier_de_lorangerie\\\/#respond\"]}]},{\"@type\":\"WebPage\",\"@id\":\"https:\\\/\\\/cabinet-gide.fr\\\/index.php\\\/2022\\\/06\\\/13\\\/le_quartier_de_lorangerie\\\/\",\"url\":\"https:\\\/\\\/cabinet-gide.fr\\\/index.php\\\/2022\\\/06\\\/13\\\/le_quartier_de_lorangerie\\\/\",\"name\":\"Le quartier de L\u2019Orangerie, incontournable \u00e0 Strasbourg - Cabinet Gide\",\"isPartOf\":{\"@id\":\"https:\\\/\\\/cabinet-gide.fr\\\/#website\"},\"primaryImageOfPage\":{\"@id\":\"https:\\\/\\\/cabinet-gide.fr\\\/index.php\\\/2022\\\/06\\\/13\\\/le_quartier_de_lorangerie\\\/#primaryimage\"},\"image\":{\"@id\":\"https:\\\/\\\/cabinet-gide.fr\\\/index.php\\\/2022\\\/06\\\/13\\\/le_quartier_de_lorangerie\\\/#primaryimage\"},\"thumbnailUrl\":\"https:\\\/\\\/cabinet-gide.fr\\\/wp-content\\\/uploads\\\/2022\\\/06\\\/Parc_Orangerie_Strasbourg-scaled.jpeg\",\"datePublished\":\"2022-06-13T06:50:18+00:00\",\"description\":\"Le quartier de l'Orangerie, proche des institutions europ\u00e9ennes et avec son parc incontournable, est tr\u00e8s pris\u00e9 \u00e0 Strasbourg.\",\"breadcrumb\":{\"@id\":\"https:\\\/\\\/cabinet-gide.fr\\\/index.php\\\/2022\\\/06\\\/13\\\/le_quartier_de_lorangerie\\\/#breadcrumb\"},\"inLanguage\":\"fr-FR\",\"potentialAction\":[{\"@type\":\"ReadAction\",\"target\":[\"https:\\\/\\\/cabinet-gide.fr\\\/index.php\\\/2022\\\/06\\\/13\\\/le_quartier_de_lorangerie\\\/\"]}]},{\"@type\":\"ImageObject\",\"inLanguage\":\"fr-FR\",\"@id\":\"https:\\\/\\\/cabinet-gide.fr\\\/index.php\\\/2022\\\/06\\\/13\\\/le_quartier_de_lorangerie\\\/#primaryimage\",\"url\":\"https:\\\/\\\/cabinet-gide.fr\\\/wp-content\\\/uploads\\\/2022\\\/06\\\/Parc_Orangerie_Strasbourg-scaled.jpeg\",\"contentUrl\":\"https:\\\/\\\/cabinet-gide.fr\\\/wp-content\\\/uploads\\\/2022\\\/06\\\/Parc_Orangerie_Strasbourg-scaled.jpeg\",\"width\":2560,\"height\":1707,\"caption\":\"Cascade et lac du parc de l'Orangerie\"},{\"@type\":\"BreadcrumbList\",\"@id\":\"https:\\\/\\\/cabinet-gide.fr\\\/index.php\\\/2022\\\/06\\\/13\\\/le_quartier_de_lorangerie\\\/#breadcrumb\",\"itemListElement\":[{\"@type\":\"ListItem\",\"position\":1,\"name\":\"Home\",\"item\":\"https:\\\/\\\/cabinet-gide.fr\\\/\"},{\"@type\":\"ListItem\",\"position\":2,\"name\":\"Le quartier de L\u2019Orangerie, incontournable \u00e0 Strasbourg\"}]},{\"@type\":\"WebSite\",\"@id\":\"https:\\\/\\\/cabinet-gide.fr\\\/#website\",\"url\":\"https:\\\/\\\/cabinet-gide.fr\\\/\",\"name\":\"Cabinet Gide\",\"description\":\"le cabinet Gide vous accompagne dans la gestion et dans la transaction de vos biens immobiliers\",\"publisher\":{\"@id\":\"https:\\\/\\\/cabinet-gide.fr\\\/#organization\"},\"potentialAction\":[{\"@type\":\"SearchAction\",\"target\":{\"@type\":\"EntryPoint\",\"urlTemplate\":\"https:\\\/\\\/cabinet-gide.fr\\\/?s={search_term_string}\"},\"query-input\":{\"@type\":\"PropertyValueSpecification\",\"valueRequired\":true,\"valueName\":\"search_term_string\"}}],\"inLanguage\":\"fr-FR\"},{\"@type\":\"Organization\",\"@id\":\"https:\\\/\\\/cabinet-gide.fr\\\/#organization\",\"name\":\"Gide Gestion immobili\u00e8re de l'Est\",\"url\":\"https:\\\/\\\/cabinet-gide.fr\\\/\",\"logo\":{\"@type\":\"ImageObject\",\"inLanguage\":\"fr-FR\",\"@id\":\"https:\\\/\\\/cabinet-gide.fr\\\/#\\\/schema\\\/logo\\\/image\\\/\",\"url\":\"https:\\\/\\\/cabinet-gide.fr\\\/wp-content\\\/uploads\\\/2021\\\/06\\\/logo_rvb_horizontal-200.png\",\"contentUrl\":\"https:\\\/\\\/cabinet-gide.fr\\\/wp-content\\\/uploads\\\/2021\\\/06\\\/logo_rvb_horizontal-200.png\",\"width\":200,\"height\":59,\"caption\":\"Gide Gestion immobili\u00e8re de l'Est\"},\"image\":{\"@id\":\"https:\\\/\\\/cabinet-gide.fr\\\/#\\\/schema\\\/logo\\\/image\\\/\"}},{\"@type\":\"Person\",\"@id\":\"https:\\\/\\\/cabinet-gide.fr\\\/#\\\/schema\\\/person\\\/26a63b20d5fd519a0090f6f55f79c7fe\",\"name\":\"adminGIDE\",\"image\":{\"@type\":\"ImageObject\",\"inLanguage\":\"fr-FR\",\"@id\":\"https:\\\/\\\/secure.gravatar.com\\\/avatar\\\/4f4f11dd6e8f5ee98d71a74760feeb062e02ba2a32211b714d9c2d9e8eca07d2?s=96&d=mm&r=g\",\"url\":\"https:\\\/\\\/secure.gravatar.com\\\/avatar\\\/4f4f11dd6e8f5ee98d71a74760feeb062e02ba2a32211b714d9c2d9e8eca07d2?s=96&d=mm&r=g\",\"contentUrl\":\"https:\\\/\\\/secure.gravatar.com\\\/avatar\\\/4f4f11dd6e8f5ee98d71a74760feeb062e02ba2a32211b714d9c2d9e8eca07d2?s=96&d=mm&r=g\",\"caption\":\"adminGIDE\"},\"sameAs\":[\"https:\\\/\\\/cabinet-gide.fr\"],\"url\":\"https:\\\/\\\/cabinet-gide.fr\\\/index.php\\\/agent\\\/adminGIDE\"}]}<\/script>\n<!-- \/ Yoast SEO plugin. -->","yoast_head_json":{"title":"Le quartier de L\u2019Orangerie, incontournable \u00e0 Strasbourg - Cabinet Gide","description":"Le quartier de l'Orangerie, proche des institutions europ\u00e9ennes et avec son parc incontournable, est tr\u00e8s pris\u00e9 \u00e0 Strasbourg.","robots":{"index":"index","follow":"follow","max-snippet":"max-snippet:-1","max-image-preview":"max-image-preview:large","max-video-preview":"max-video-preview:-1"},"canonical":"https:\/\/cabinet-gide.fr\/index.php\/2022\/06\/13\/le_quartier_de_lorangerie\/","og_locale":"fr_FR","og_type":"article","og_title":"Le quartier de L\u2019Orangerie, incontournable \u00e0 Strasbourg - Cabinet Gide","og_description":"Le quartier de l'Orangerie, proche des institutions europ\u00e9ennes et avec son parc incontournable, est tr\u00e8s pris\u00e9 \u00e0 Strasbourg.","og_url":"https:\/\/cabinet-gide.fr\/index.php\/2022\/06\/13\/le_quartier_de_lorangerie\/","og_site_name":"Cabinet Gide","article_published_time":"2022-06-13T06:50:18+00:00","og_image":[{"width":2560,"height":1707,"url":"https:\/\/cabinet-gide.fr\/wp-content\/uploads\/2022\/06\/Parc_Orangerie_Strasbourg-scaled.jpeg","type":"image\/jpeg"}],"author":"adminGIDE","twitter_card":"summary_large_image","twitter_misc":{"\u00c9crit par":"adminGIDE","Dur\u00e9e de lecture estim\u00e9e":"5 minutes"},"schema":{"@context":"https:\/\/schema.org","@graph":[{"@type":"Article","@id":"https:\/\/cabinet-gide.fr\/index.php\/2022\/06\/13\/le_quartier_de_lorangerie\/#article","isPartOf":{"@id":"https:\/\/cabinet-gide.fr\/index.php\/2022\/06\/13\/le_quartier_de_lorangerie\/"},"author":{"name":"adminGIDE","@id":"https:\/\/cabinet-gide.fr\/#\/schema\/person\/26a63b20d5fd519a0090f6f55f79c7fe"},"headline":"Le quartier de L\u2019Orangerie, incontournable \u00e0 Strasbourg","datePublished":"2022-06-13T06:50:18+00:00","mainEntityOfPage":{"@id":"https:\/\/cabinet-gide.fr\/index.php\/2022\/06\/13\/le_quartier_de_lorangerie\/"},"wordCount":862,"commentCount":0,"publisher":{"@id":"https:\/\/cabinet-gide.fr\/#organization"},"image":{"@id":"https:\/\/cabinet-gide.fr\/index.php\/2022\/06\/13\/le_quartier_de_lorangerie\/#primaryimage"},"thumbnailUrl":"https:\/\/cabinet-gide.fr\/wp-content\/uploads\/2022\/06\/Parc_Orangerie_Strasbourg-scaled.jpeg","inLanguage":"fr-FR","potentialAction":[{"@type":"CommentAction","name":"Comment","target":["https:\/\/cabinet-gide.fr\/index.php\/2022\/06\/13\/le_quartier_de_lorangerie\/#respond"]}]},{"@type":"WebPage","@id":"https:\/\/cabinet-gide.fr\/index.php\/2022\/06\/13\/le_quartier_de_lorangerie\/","url":"https:\/\/cabinet-gide.fr\/index.php\/2022\/06\/13\/le_quartier_de_lorangerie\/","name":"Le quartier de L\u2019Orangerie, incontournable \u00e0 Strasbourg - Cabinet Gide","isPartOf":{"@id":"https:\/\/cabinet-gide.fr\/#website"},"primaryImageOfPage":{"@id":"https:\/\/cabinet-gide.fr\/index.php\/2022\/06\/13\/le_quartier_de_lorangerie\/#primaryimage"},"image":{"@id":"https:\/\/cabinet-gide.fr\/index.php\/2022\/06\/13\/le_quartier_de_lorangerie\/#primaryimage"},"thumbnailUrl":"https:\/\/cabinet-gide.fr\/wp-content\/uploads\/2022\/06\/Parc_Orangerie_Strasbourg-scaled.jpeg","datePublished":"2022-06-13T06:50:18+00:00","description":"Le quartier de l'Orangerie, proche des institutions europ\u00e9ennes et avec son parc incontournable, est tr\u00e8s pris\u00e9 \u00e0 Strasbourg.","breadcrumb":{"@id":"https:\/\/cabinet-gide.fr\/index.php\/2022\/06\/13\/le_quartier_de_lorangerie\/#breadcrumb"},"inLanguage":"fr-FR","potentialAction":[{"@type":"ReadAction","target":["https:\/\/cabinet-gide.fr\/index.php\/2022\/06\/13\/le_quartier_de_lorangerie\/"]}]},{"@type":"ImageObject","inLanguage":"fr-FR","@id":"https:\/\/cabinet-gide.fr\/index.php\/2022\/06\/13\/le_quartier_de_lorangerie\/#primaryimage","url":"https:\/\/cabinet-gide.fr\/wp-content\/uploads\/2022\/06\/Parc_Orangerie_Strasbourg-scaled.jpeg","contentUrl":"https:\/\/cabinet-gide.fr\/wp-content\/uploads\/2022\/06\/Parc_Orangerie_Strasbourg-scaled.jpeg","width":2560,"height":1707,"caption":"Cascade et lac du parc de l'Orangerie"},{"@type":"BreadcrumbList","@id":"https:\/\/cabinet-gide.fr\/index.php\/2022\/06\/13\/le_quartier_de_lorangerie\/#breadcrumb","itemListElement":[{"@type":"ListItem","position":1,"name":"Home","item":"https:\/\/cabinet-gide.fr\/"},{"@type":"ListItem","position":2,"name":"Le quartier de L\u2019Orangerie, incontournable \u00e0 Strasbourg"}]},{"@type":"WebSite","@id":"https:\/\/cabinet-gide.fr\/#website","url":"https:\/\/cabinet-gide.fr\/","name":"Cabinet Gide","description":"le cabinet Gide vous accompagne dans la gestion et dans la transaction de vos biens immobiliers","publisher":{"@id":"https:\/\/cabinet-gide.fr\/#organization"},"potentialAction":[{"@type":"SearchAction","target":{"@type":"EntryPoint","urlTemplate":"https:\/\/cabinet-gide.fr\/?s={search_term_string}"},"query-input":{"@type":"PropertyValueSpecification","valueRequired":true,"valueName":"search_term_string"}}],"inLanguage":"fr-FR"},{"@type":"Organization","@id":"https:\/\/cabinet-gide.fr\/#organization","name":"Gide Gestion immobili\u00e8re de l'Est","url":"https:\/\/cabinet-gide.fr\/","logo":{"@type":"ImageObject","inLanguage":"fr-FR","@id":"https:\/\/cabinet-gide.fr\/#\/schema\/logo\/image\/","url":"https:\/\/cabinet-gide.fr\/wp-content\/uploads\/2021\/06\/logo_rvb_horizontal-200.png","contentUrl":"https:\/\/cabinet-gide.fr\/wp-content\/uploads\/2021\/06\/logo_rvb_horizontal-200.png","width":200,"height":59,"caption":"Gide Gestion immobili\u00e8re de l'Est"},"image":{"@id":"https:\/\/cabinet-gide.fr\/#\/schema\/logo\/image\/"}},{"@type":"Person","@id":"https:\/\/cabinet-gide.fr\/#\/schema\/person\/26a63b20d5fd519a0090f6f55f79c7fe","name":"adminGIDE","image":{"@type":"ImageObject","inLanguage":"fr-FR","@id":"https:\/\/secure.gravatar.com\/avatar\/4f4f11dd6e8f5ee98d71a74760feeb062e02ba2a32211b714d9c2d9e8eca07d2?s=96&d=mm&r=g","url":"https:\/\/secure.gravatar.com\/avatar\/4f4f11dd6e8f5ee98d71a74760feeb062e02ba2a32211b714d9c2d9e8eca07d2?s=96&d=mm&r=g","contentUrl":"https:\/\/secure.gravatar.com\/avatar\/4f4f11dd6e8f5ee98d71a74760feeb062e02ba2a32211b714d9c2d9e8eca07d2?s=96&d=mm&r=g","caption":"adminGIDE"},"sameAs":["https:\/\/cabinet-gide.fr"],"url":"https:\/\/cabinet-gide.fr\/index.php\/agent\/adminGIDE"}]}},"_links":{"self":[{"href":"https:\/\/cabinet-gide.fr\/index.php\/wp-json\/wp\/v2\/posts\/2432","targetHints":{"allow":["GET"]}}],"collection":[{"href":"https:\/\/cabinet-gide.fr\/index.php\/wp-json\/wp\/v2\/posts"}],"about":[{"href":"https:\/\/cabinet-gide.fr\/index.php\/wp-json\/wp\/v2\/types\/post"}],"author":[{"embeddable":true,"href":"https:\/\/cabinet-gide.fr\/index.php\/wp-json\/wp\/v2\/users\/1"}],"replies":[{"embeddable":true,"href":"https:\/\/cabinet-gide.fr\/index.php\/wp-json\/wp\/v2\/comments?post=2432"}],"version-history":[{"count":4,"href":"https:\/\/cabinet-gide.fr\/index.php\/wp-json\/wp\/v2\/posts\/2432\/revisions"}],"predecessor-version":[{"id":2439,"href":"https:\/\/cabinet-gide.fr\/index.php\/wp-json\/wp\/v2\/posts\/2432\/revisions\/2439"}],"wp:featuredmedia":[{"embeddable":true,"href":"https:\/\/cabinet-gide.fr\/index.php\/wp-json\/wp\/v2\/media\/2435"}],"wp:attachment":[{"href":"https:\/\/cabinet-gide.fr\/index.php\/wp-json\/wp\/v2\/media?parent=2432"}],"wp:term":[{"taxonomy":"category","embeddable":true,"href":"https:\/\/cabinet-gide.fr\/index.php\/wp-json\/wp\/v2\/categories?post=2432"},{"taxonomy":"post_tag","embeddable":true,"href":"https:\/\/cabinet-gide.fr\/index.php\/wp-json\/wp\/v2\/tags?post=2432"}],"curies":[{"name":"wp","href":"https:\/\/api.w.org\/{rel}","templated":true}]}}