{"id":2442,"date":"2022-07-06T16:49:12","date_gmt":"2022-07-06T14:49:12","guid":{"rendered":"https:\/\/cabinet-gide.fr\/?p=2442"},"modified":"2022-07-06T16:49:12","modified_gmt":"2022-07-06T14:49:12","slug":"le-quartier-de-la-krutenau","status":"publish","type":"post","link":"https:\/\/cabinet-gide.fr\/index.php\/2022\/07\/06\/le-quartier-de-la-krutenau\/","title":{"rendered":"La Krutenau, quartier aux multiples m\u00e9tamorphoses"},"content":{"rendered":"<p><span style=\"font-weight: 400;\">Le terme de <\/span><b>Krutenau<\/b><span style=\"font-weight: 400;\"> viendrait de l\u2019ancien germanique <\/span><i><span style=\"font-weight: 400;\">Krutten<\/span><\/i><span style=\"font-weight: 400;\"> qui pourrait se traduire par obstacles. En effet, avant de devenir le quartier anim\u00e9, populaire, si vivant que nous connaissons aujourd\u2019hui, la Krutenau \u00e9tait quasiment infranchissable. Il n\u2019y avait l\u00e0 que des <\/span><b>mar\u00e9cages<\/b><span style=\"font-weight: 400;\"> et des cours d\u2019eau. Aujourd\u2019hui, dans les <\/span><b>rues<\/b><span style=\"font-weight: 400;\"> de la Krutenau, de nombreux d\u00e9tails architecturaux t\u00e9moignent des changements subis par ce <\/span><b>quartier historique<\/b><span style=\"font-weight: 400;\"> de <\/span><b>Strasbourg<\/b><span style=\"font-weight: 400;\"> au fil des si\u00e8cles.\u00a0<\/span><\/p>\n<h2><span style=\"font-weight: 400;\">La Krutenau, des mar\u00e9cages aux quartiers populaires<\/span><\/h2>\n<h3><span style=\"font-weight: 400;\">Avant le dix-septi\u00e8me si\u00e8cle<\/span><\/h3>\n<p><span style=\"font-weight: 400;\">Comme dans beaucoup d\u2019endroits en <\/span><b>Alsace<\/b><span style=\"font-weight: 400;\">, les zones humides \u00e9taient nombreuses autour de <\/span><b>Strasbourg<\/b><span style=\"font-weight: 400;\">. C\u2019est l\u00e0, dans ces espaces remplis d\u2019eau que se sont d\u00e9velopp\u00e9s les m\u00e9tiers de <\/span><b>bateliers, p\u00eacheurs<\/b><span style=\"font-weight: 400;\">\u2026 Des activit\u00e9s effectu\u00e9es loin de la ville, autour d\u2019un bras du <\/span><b>Rhin<\/b><span style=\"font-weight: 400;\"> : <\/span><i><span style=\"font-weight: 400;\">le Rheingiessen.<\/span><\/i><span style=\"font-weight: 400;\"> Cette zone a longtemps \u00e9t\u00e9 \u00e0 l\u2019\u00e9cart du centre et de l\u2019activit\u00e9 \u00e9conomique de Strasbourg. Les m\u00e9tiers cit\u00e9s plus haut \u00e9taient d\u2019ailleurs peu reconnus et leurs conditions tr\u00e8s difficiles.\u00a0<\/span><\/p>\n<p><span style=\"font-weight: 400;\">Progressivement, les hommes d\u00e9velopp\u00e8rent des <\/span><b>canaux<\/b><span style=\"font-weight: 400;\"> qui permirent d\u2019ass\u00e9cher et de transformer les plaines humides en champs fertiles. Ainsi, le m\u00e9tier de <\/span><b>mara\u00eecher<\/b><span style=\"font-weight: 400;\"> fit son apparition et le quartier prit plus d\u2019ampleur. De plus, <\/span><i><span style=\"font-weight: 400;\">le Rheingiessen<\/span><\/i><span style=\"font-weight: 400;\"> se retrouva sur l&rsquo;importante route navigable venant de <\/span><b>Zurich<\/b><span style=\"font-weight: 400;\"> et devint alors un canal strat\u00e9gique reliant le Rhin \u00e0 Strasbourg. C\u2019est par l\u00e0 que les marchandises arrivaient de toute l&rsquo;Europe.\u00a0<\/span><\/p>\n<h3><span style=\"font-weight: 400;\">La Krutenau \u00e0 partir du dix-septi\u00e8me si\u00e8cle<\/span><\/h3>\n<p><span style=\"font-weight: 400;\">L\u2019annexion de Strasbourg par le royaume de France au dix-septi\u00e8me si\u00e8cle vint bouleverser l\u2019histoire de <\/span><b>la Krutenau<\/b><span style=\"font-weight: 400;\">. \u00c0 cette \u00e9poque, pour se d\u00e9fendre, les Fran\u00e7ais construisent de nombreux <\/span><b>b\u00e2timents<\/b><span style=\"font-weight: 400;\"> militaires sur le flanc est de la ville. C\u2019est ainsi qu\u2019une multitude d\u2019<\/span><b>h\u00f4pitaux<\/b><span style=\"font-weight: 400;\">, d\u2019arsenaux, de <\/span><b>casernes<\/b><span style=\"font-weight: 400;\"> et de magasins virent le jour. De plus, la population changea elle aussi. Les <\/span><b>bateliers<\/b><span style=\"font-weight: 400;\">, et <\/span><b>p\u00eacheurs<\/b><span style=\"font-weight: 400;\"> devaient c\u00f4toyer d\u00e9sormais les soldats et\u2026 les prostitu\u00e9es.\u00a0<\/span><\/p>\n<p><span style=\"font-weight: 400;\">Construite au dix-neuvi\u00e8me si\u00e8cle, <\/span><b>la Manufacture<\/b><span style=\"font-weight: 400;\"> de tabac assura une activit\u00e9 importante. Des centaines d\u2019ouvriers s\u2019install\u00e8rent alors avec leur famille au c\u0153ur de <\/span><b>la Krutenau<\/b><span style=\"font-weight: 400;\">. Aujourd\u2019hui <\/span><a href=\"https:\/\/www.strasbourg.eu\/manufacture-des-tabacs\"><span style=\"font-weight: 400;\">la Manufacture<\/span><\/a><span style=\"font-weight: 400;\"> est en voie de devenir un <\/span><b>centre culturel<\/b><span style=\"font-weight: 400;\"> destin\u00e9 \u00e0 la jeunesse, aux arts, aux sciences et \u00e0 l&rsquo;exp\u00e9rimentation.<\/span><\/p>\n<div id=\"attachment_2448\" style=\"width: 610px\" class=\"wp-caption alignnone\"><img decoding=\"async\" aria-describedby=\"caption-attachment-2448\" class=\"wp-image-2448 size-fusion-600\" src=\"https:\/\/cabinet-gide.fr\/wp-content\/uploads\/2022\/06\/Manufacture_des_Tabacs_de_Strasbourg-600x450.jpeg\" alt=\"La Manufacture des tabacs quartier de la Krutenau Strasbourg\" width=\"600\" height=\"450\" srcset=\"https:\/\/cabinet-gide.fr\/wp-content\/uploads\/2022\/06\/Manufacture_des_Tabacs_de_Strasbourg-200x150.jpeg 200w, https:\/\/cabinet-gide.fr\/wp-content\/uploads\/2022\/06\/Manufacture_des_Tabacs_de_Strasbourg-300x225.jpeg 300w, https:\/\/cabinet-gide.fr\/wp-content\/uploads\/2022\/06\/Manufacture_des_Tabacs_de_Strasbourg-400x300.jpeg 400w, https:\/\/cabinet-gide.fr\/wp-content\/uploads\/2022\/06\/Manufacture_des_Tabacs_de_Strasbourg-600x450.jpeg 600w, https:\/\/cabinet-gide.fr\/wp-content\/uploads\/2022\/06\/Manufacture_des_Tabacs_de_Strasbourg-768x576.jpeg 768w, https:\/\/cabinet-gide.fr\/wp-content\/uploads\/2022\/06\/Manufacture_des_Tabacs_de_Strasbourg-800x600.jpeg 800w, https:\/\/cabinet-gide.fr\/wp-content\/uploads\/2022\/06\/Manufacture_des_Tabacs_de_Strasbourg-1024x768.jpeg 1024w, https:\/\/cabinet-gide.fr\/wp-content\/uploads\/2022\/06\/Manufacture_des_Tabacs_de_Strasbourg-1200x900.jpeg 1200w, https:\/\/cabinet-gide.fr\/wp-content\/uploads\/2022\/06\/Manufacture_des_Tabacs_de_Strasbourg-1536x1152.jpeg 1536w\" sizes=\"(max-width: 600px) 100vw, 600px\" \/><p id=\"caption-attachment-2448\" class=\"wp-caption-text\"><em>La manufacture des tabacs. Ji-Elle, CC BY-SA 3.0, via Wikimedia Commons<\/em><\/p><\/div>\n<p><span style=\"font-weight: 400;\">En parall\u00e8le, l&rsquo;activit\u00e9 de <\/span><b>d\u00e9fense<\/b><span style=\"font-weight: 400;\"> s\u2019est maintenue au fil des ann\u00e9es. Les populations qui vivaient autour de l\u2019eau, quant \u00e0 elles, finirent par dispara\u00eetre. <\/span><i><span style=\"font-weight: 400;\">Le Rheingiessen<\/span><\/i><span style=\"font-weight: 400;\"> fut d\u2019ailleurs combl\u00e9 en 1872 et remplac\u00e9 par la <\/span><b>rue de Zurich<\/b><span style=\"font-weight: 400;\"> ! Certains noms de rues et quelques b\u00e2timents rendent encore hommage \u00e0 ces m\u00e9tiers qui ont forg\u00e9 l\u2019histoire de <\/span><b>la Krutenau<\/b><span style=\"font-weight: 400;\"> et de Strasbourg.<\/span><\/p>\n<div id=\"attachment_2449\" style=\"width: 610px\" class=\"wp-caption alignnone\"><img decoding=\"async\" aria-describedby=\"caption-attachment-2449\" class=\"wp-image-2449 size-fusion-600\" src=\"https:\/\/cabinet-gide.fr\/wp-content\/uploads\/2022\/06\/Strasbourg-Place_de_Zurich_3-600x450.jpg\" alt=\"Place de Zurich, la Krutenau, Strasbourg\" width=\"600\" height=\"450\" srcset=\"https:\/\/cabinet-gide.fr\/wp-content\/uploads\/2022\/06\/Strasbourg-Place_de_Zurich_3-200x150.jpg 200w, https:\/\/cabinet-gide.fr\/wp-content\/uploads\/2022\/06\/Strasbourg-Place_de_Zurich_3-300x225.jpg 300w, https:\/\/cabinet-gide.fr\/wp-content\/uploads\/2022\/06\/Strasbourg-Place_de_Zurich_3-400x300.jpg 400w, https:\/\/cabinet-gide.fr\/wp-content\/uploads\/2022\/06\/Strasbourg-Place_de_Zurich_3-600x450.jpg 600w, https:\/\/cabinet-gide.fr\/wp-content\/uploads\/2022\/06\/Strasbourg-Place_de_Zurich_3-768x576.jpg 768w, https:\/\/cabinet-gide.fr\/wp-content\/uploads\/2022\/06\/Strasbourg-Place_de_Zurich_3-800x600.jpg 800w, https:\/\/cabinet-gide.fr\/wp-content\/uploads\/2022\/06\/Strasbourg-Place_de_Zurich_3-1024x768.jpg 1024w, https:\/\/cabinet-gide.fr\/wp-content\/uploads\/2022\/06\/Strasbourg-Place_de_Zurich_3-1200x900.jpg 1200w, https:\/\/cabinet-gide.fr\/wp-content\/uploads\/2022\/06\/Strasbourg-Place_de_Zurich_3-1536x1152.jpg 1536w\" sizes=\"(max-width: 600px) 100vw, 600px\" \/><p id=\"caption-attachment-2449\" class=\"wp-caption-text\"><em>La place de Zurich. L&rsquo;espace vert correspond \u00e0 l&rsquo;ancien canal du Rheingiessen. Ji-Elle, CC BY-SA 4.0, via Wikimedia Commons<\/em><\/p><\/div>\n<h2><span style=\"font-weight: 400;\">La Krutenau, une vie \u00e9tudiante et pittoresque<\/span><\/h2>\n<p><span style=\"font-weight: 400;\">Durant de nombreux si\u00e8cles, <\/span><b>la Krutenau<\/b><span style=\"font-weight: 400;\"> va rester un quartier tr\u00e8s <\/span><b>populaire<\/b><span style=\"font-weight: 400;\">. Mais, \u00e0 partir des ann\u00e9es 1970, une nouvelle <\/span><b>m\u00e9tamorphose<\/b><span style=\"font-weight: 400;\"> se met en place. En effet, les anciennes casernes se transforment en \u00e9coles et les habitations insalubres sont r\u00e9nov\u00e9es pour accueillir des logements <\/span><b>\u00e9tudiants<\/b><span style=\"font-weight: 400;\">. C\u2019est donc naturellement que le quartier s\u2019offre un nouveau visage. Depuis les ann\u00e9es 1990, <\/span><b>la Krutenau<\/b><span style=\"font-weight: 400;\"> est r\u00e9put\u00e9e pour ses nombreux <\/span><b>bars<\/b><span style=\"font-weight: 400;\">, <\/span><b>restaurants<\/b><span style=\"font-weight: 400;\">, boutiques. Il y r\u00e8gne une vie p\u00e9tillante et <\/span><b>dynamique<\/b><span style=\"font-weight: 400;\"> en permanence.\u00a0<\/span><\/p>\n<h3><span style=\"font-weight: 400;\">L\u2019empreinte de l\u2019histoire \u00e0 chaque coin de rue<\/span><\/h3>\n<p><span style=\"font-weight: 400;\">Toutefois, le quartier garde l&#8217;empreinte de son <\/span><b>histoire<\/b><span style=\"font-weight: 400;\"> fortement ancr\u00e9e. Les b\u00e2timents historiques ne sont pas d\u00e9truits mais r\u00e9am\u00e9nag\u00e9s et mis en valeur. \u00c0 l\u2019image des \u00e9tablissements <\/span><i><span style=\"font-weight: 400;\">Neunreiter<\/span><\/i><span style=\"font-weight: 400;\">, une ancienne verrerie qui abrite d\u00e9sormais le <\/span><a href=\"https:\/\/ceaac.org\/fr\/\"><span style=\"font-weight: 400;\">CEAAC<\/span><\/a><span style=\"font-weight: 400;\"> (Centre Europ\u00e9en d\u2019Actions Artistiques Contemporaines).<\/span><\/p>\n<div id=\"attachment_2447\" style=\"width: 610px\" class=\"wp-caption alignnone\"><img decoding=\"async\" aria-describedby=\"caption-attachment-2447\" class=\"wp-image-2447 size-fusion-600\" src=\"https:\/\/cabinet-gide.fr\/wp-content\/uploads\/2022\/06\/Strasbourg-7_rue_de_lAbreuvoir-Cour_interieure_1-600x800.jpg\" alt=\"Le Centre Europ\u00e9en d'Actions Artistiques Contemporaines, la Krutenau, Strasbourg\" width=\"600\" height=\"800\" srcset=\"https:\/\/cabinet-gide.fr\/wp-content\/uploads\/2022\/06\/Strasbourg-7_rue_de_lAbreuvoir-Cour_interieure_1-200x267.jpg 200w, https:\/\/cabinet-gide.fr\/wp-content\/uploads\/2022\/06\/Strasbourg-7_rue_de_lAbreuvoir-Cour_interieure_1-225x300.jpg 225w, https:\/\/cabinet-gide.fr\/wp-content\/uploads\/2022\/06\/Strasbourg-7_rue_de_lAbreuvoir-Cour_interieure_1-400x533.jpg 400w, https:\/\/cabinet-gide.fr\/wp-content\/uploads\/2022\/06\/Strasbourg-7_rue_de_lAbreuvoir-Cour_interieure_1-600x800.jpg 600w, https:\/\/cabinet-gide.fr\/wp-content\/uploads\/2022\/06\/Strasbourg-7_rue_de_lAbreuvoir-Cour_interieure_1-768x1024.jpg 768w, https:\/\/cabinet-gide.fr\/wp-content\/uploads\/2022\/06\/Strasbourg-7_rue_de_lAbreuvoir-Cour_interieure_1-800x1067.jpg 800w, https:\/\/cabinet-gide.fr\/wp-content\/uploads\/2022\/06\/Strasbourg-7_rue_de_lAbreuvoir-Cour_interieure_1-1152x1536.jpg 1152w, https:\/\/cabinet-gide.fr\/wp-content\/uploads\/2022\/06\/Strasbourg-7_rue_de_lAbreuvoir-Cour_interieure_1-1200x1600.jpg 1200w, https:\/\/cabinet-gide.fr\/wp-content\/uploads\/2022\/06\/Strasbourg-7_rue_de_lAbreuvoir-Cour_interieure_1-1536x2048.jpg 1536w, https:\/\/cabinet-gide.fr\/wp-content\/uploads\/2022\/06\/Strasbourg-7_rue_de_lAbreuvoir-Cour_interieure_1-scaled.jpg 1920w\" sizes=\"(max-width: 600px) 100vw, 600px\" \/><p id=\"caption-attachment-2447\" class=\"wp-caption-text\"><em>Le CEAAC (Centre Europ\u00e9en d\u2019Actions Artistiques Contemporaines). Ji-Elle, CC BY-SA 4.0, via Wikimedia Commons<\/em><\/p><\/div>\n<p><span style=\"font-weight: 400;\">La Haute \u00c9cole des Arts du Rhin, quant \u00e0 elle, est toujours en place depuis 1892 avec sa magnifique fa\u00e7ade.\u00a0<\/span><\/p>\n<div id=\"attachment_2446\" style=\"width: 610px\" class=\"wp-caption alignnone\"><img decoding=\"async\" aria-describedby=\"caption-attachment-2446\" class=\"wp-image-2446 size-fusion-600\" src=\"https:\/\/cabinet-gide.fr\/wp-content\/uploads\/2022\/06\/Strasbourg_EcoleArtsDeco_05-600x450.jpeg\" alt=\"La Haute \u00c9cole des Arts du Rhin, la Krutenau, Strasbourg\" width=\"600\" height=\"450\" srcset=\"https:\/\/cabinet-gide.fr\/wp-content\/uploads\/2022\/06\/Strasbourg_EcoleArtsDeco_05-200x150.jpeg 200w, https:\/\/cabinet-gide.fr\/wp-content\/uploads\/2022\/06\/Strasbourg_EcoleArtsDeco_05-300x225.jpeg 300w, https:\/\/cabinet-gide.fr\/wp-content\/uploads\/2022\/06\/Strasbourg_EcoleArtsDeco_05-400x300.jpeg 400w, https:\/\/cabinet-gide.fr\/wp-content\/uploads\/2022\/06\/Strasbourg_EcoleArtsDeco_05-600x450.jpeg 600w, https:\/\/cabinet-gide.fr\/wp-content\/uploads\/2022\/06\/Strasbourg_EcoleArtsDeco_05-768x576.jpeg 768w, https:\/\/cabinet-gide.fr\/wp-content\/uploads\/2022\/06\/Strasbourg_EcoleArtsDeco_05-800x600.jpeg 800w, https:\/\/cabinet-gide.fr\/wp-content\/uploads\/2022\/06\/Strasbourg_EcoleArtsDeco_05-1024x768.jpeg 1024w, https:\/\/cabinet-gide.fr\/wp-content\/uploads\/2022\/06\/Strasbourg_EcoleArtsDeco_05-1200x900.jpeg 1200w, https:\/\/cabinet-gide.fr\/wp-content\/uploads\/2022\/06\/Strasbourg_EcoleArtsDeco_05-1536x1152.jpeg 1536w\" sizes=\"(max-width: 600px) 100vw, 600px\" \/><p id=\"caption-attachment-2446\" class=\"wp-caption-text\"><em>La Haute \u00c9cole des Arts du Rhin. Adobe Stock<\/em><\/p><\/div>\n<p><span style=\"font-weight: 400;\">De plus, en parcourant les veines de <\/span><b>la Krutenau<\/b><span style=\"font-weight: 400;\">, vous appr\u00e9cierez encore aujourd\u2019hui une multitude de d\u00e9tails architecturaux embl\u00e9matiques :\u00a0<\/span><\/p>\n<ul>\n<li style=\"font-weight: 400;\" aria-level=\"1\"><span style=\"font-weight: 400;\">La manufacture des tabacs, toujours pr\u00e9sente \u00e0 la Krutenau.<\/span><\/li>\n<li style=\"font-weight: 400;\" aria-level=\"1\"><span style=\"font-weight: 400;\">L\u2019\u00e9glise Saint Guillaume surmont\u00e9e d\u2019une <\/span><b>ancre<\/b><span style=\"font-weight: 400;\"> \u00e0 son sommet, vestige de l&rsquo;\u00e9poque des bateliers et des p\u00eacheurs.<\/span><\/li>\n<\/ul>\n<div id=\"attachment_2451\" style=\"width: 610px\" class=\"wp-caption alignnone\"><img decoding=\"async\" aria-describedby=\"caption-attachment-2451\" class=\"wp-image-2451 size-fusion-600\" src=\"https:\/\/cabinet-gide.fr\/wp-content\/uploads\/2022\/06\/Saint-Guillaume-600x401.jpeg\" alt=\"La Krutenau, \u00e9glise saint Guillaume, Strasbourg\" width=\"600\" height=\"401\" srcset=\"https:\/\/cabinet-gide.fr\/wp-content\/uploads\/2022\/06\/Saint-Guillaume-200x134.jpeg 200w, https:\/\/cabinet-gide.fr\/wp-content\/uploads\/2022\/06\/Saint-Guillaume-300x200.jpeg 300w, https:\/\/cabinet-gide.fr\/wp-content\/uploads\/2022\/06\/Saint-Guillaume-400x267.jpeg 400w, https:\/\/cabinet-gide.fr\/wp-content\/uploads\/2022\/06\/Saint-Guillaume-600x401.jpeg 600w, https:\/\/cabinet-gide.fr\/wp-content\/uploads\/2022\/06\/Saint-Guillaume-768x513.jpeg 768w, https:\/\/cabinet-gide.fr\/wp-content\/uploads\/2022\/06\/Saint-Guillaume-800x534.jpeg 800w, https:\/\/cabinet-gide.fr\/wp-content\/uploads\/2022\/06\/Saint-Guillaume-1024x684.jpeg 1024w, https:\/\/cabinet-gide.fr\/wp-content\/uploads\/2022\/06\/Saint-Guillaume-1200x801.jpeg 1200w, https:\/\/cabinet-gide.fr\/wp-content\/uploads\/2022\/06\/Saint-Guillaume-1536x1025.jpeg 1536w\" sizes=\"(max-width: 600px) 100vw, 600px\" \/><p id=\"caption-attachment-2451\" class=\"wp-caption-text\"><em>L&rsquo;\u00e9glise saint Guillaume \u00e0 Strasbourg et l&rsquo;ancre \u00e0 son sommet &#8211; Adobe Stock<\/em><\/p><\/div>\n<ul>\n<li style=\"font-weight: 400;\" aria-level=\"1\"><span style=\"font-weight: 400;\">Des vestiges et un bandeau rappellent l\u2019emplacement d\u2019anciens <\/span><b>remparts<\/b><span style=\"font-weight: 400;\"> datant du treizi\u00e8me si\u00e8cle, au niveau de la <\/span><b>place des orphelins<\/b><span style=\"font-weight: 400;\">.<\/span><\/li>\n<\/ul>\n<div id=\"attachment_2445\" style=\"width: 610px\" class=\"wp-caption alignnone\"><img decoding=\"async\" aria-describedby=\"caption-attachment-2445\" class=\"wp-image-2445 size-fusion-600\" src=\"https:\/\/cabinet-gide.fr\/wp-content\/uploads\/2022\/06\/Strasbourg-Bandeau_symbolisant_lempreinte_du_rempart_du_XIIIe_siecle_1-600x296.jpg\" alt=\"Emplacement des anciens remparts, place des orphelins, Strasbourg\" width=\"600\" height=\"296\" srcset=\"https:\/\/cabinet-gide.fr\/wp-content\/uploads\/2022\/06\/Strasbourg-Bandeau_symbolisant_lempreinte_du_rempart_du_XIIIe_siecle_1-200x99.jpg 200w, https:\/\/cabinet-gide.fr\/wp-content\/uploads\/2022\/06\/Strasbourg-Bandeau_symbolisant_lempreinte_du_rempart_du_XIIIe_siecle_1-300x148.jpg 300w, https:\/\/cabinet-gide.fr\/wp-content\/uploads\/2022\/06\/Strasbourg-Bandeau_symbolisant_lempreinte_du_rempart_du_XIIIe_siecle_1-400x197.jpg 400w, https:\/\/cabinet-gide.fr\/wp-content\/uploads\/2022\/06\/Strasbourg-Bandeau_symbolisant_lempreinte_du_rempart_du_XIIIe_siecle_1-600x296.jpg 600w, https:\/\/cabinet-gide.fr\/wp-content\/uploads\/2022\/06\/Strasbourg-Bandeau_symbolisant_lempreinte_du_rempart_du_XIIIe_siecle_1-768x378.jpg 768w, https:\/\/cabinet-gide.fr\/wp-content\/uploads\/2022\/06\/Strasbourg-Bandeau_symbolisant_lempreinte_du_rempart_du_XIIIe_siecle_1-800x394.jpg 800w, https:\/\/cabinet-gide.fr\/wp-content\/uploads\/2022\/06\/Strasbourg-Bandeau_symbolisant_lempreinte_du_rempart_du_XIIIe_siecle_1-1024x504.jpg 1024w, https:\/\/cabinet-gide.fr\/wp-content\/uploads\/2022\/06\/Strasbourg-Bandeau_symbolisant_lempreinte_du_rempart_du_XIIIe_siecle_1-1200x591.jpg 1200w, https:\/\/cabinet-gide.fr\/wp-content\/uploads\/2022\/06\/Strasbourg-Bandeau_symbolisant_lempreinte_du_rempart_du_XIIIe_siecle_1-1536x757.jpg 1536w\" sizes=\"(max-width: 600px) 100vw, 600px\" \/><p id=\"caption-attachment-2445\" class=\"wp-caption-text\"><em>Bandeau symbolisant l&#8217;empreinte du rempart du XIIIe si\u00e8cle. Ji-Elle, CC BY-SA 4.0, via Wikimedia Common<\/em><\/p><\/div>\n<ul>\n<li style=\"font-weight: 400;\" aria-level=\"1\"><span style=\"font-weight: 400;\">Au 6 rue du renard pr\u00eachant, vous pouvez admirer une cl\u00e9 de porte de 1760 avec l&#8217;embl\u00e8me d\u2019une <\/span><b>ancre<\/b><span style=\"font-weight: 400;\">.\u00a0<\/span><\/li>\n<\/ul>\n<div id=\"attachment_2450\" style=\"width: 610px\" class=\"wp-caption alignnone\"><img decoding=\"async\" aria-describedby=\"caption-attachment-2450\" class=\"wp-image-2450 size-fusion-600\" src=\"https:\/\/cabinet-gide.fr\/wp-content\/uploads\/2022\/06\/Strasbourg-6_rue_du_Renard-Prechant-Cle_de_porte-600x467.jpg\" alt=\"Cl\u00e9 de porte du quartier de la Krutenau, Strasbourg\" width=\"600\" height=\"467\" srcset=\"https:\/\/cabinet-gide.fr\/wp-content\/uploads\/2022\/06\/Strasbourg-6_rue_du_Renard-Prechant-Cle_de_porte-200x156.jpg 200w, https:\/\/cabinet-gide.fr\/wp-content\/uploads\/2022\/06\/Strasbourg-6_rue_du_Renard-Prechant-Cle_de_porte-300x233.jpg 300w, https:\/\/cabinet-gide.fr\/wp-content\/uploads\/2022\/06\/Strasbourg-6_rue_du_Renard-Prechant-Cle_de_porte-400x311.jpg 400w, https:\/\/cabinet-gide.fr\/wp-content\/uploads\/2022\/06\/Strasbourg-6_rue_du_Renard-Prechant-Cle_de_porte-600x467.jpg 600w, https:\/\/cabinet-gide.fr\/wp-content\/uploads\/2022\/06\/Strasbourg-6_rue_du_Renard-Prechant-Cle_de_porte-768x598.jpg 768w, https:\/\/cabinet-gide.fr\/wp-content\/uploads\/2022\/06\/Strasbourg-6_rue_du_Renard-Prechant-Cle_de_porte-800x623.jpg 800w, https:\/\/cabinet-gide.fr\/wp-content\/uploads\/2022\/06\/Strasbourg-6_rue_du_Renard-Prechant-Cle_de_porte-1024x797.jpg 1024w, https:\/\/cabinet-gide.fr\/wp-content\/uploads\/2022\/06\/Strasbourg-6_rue_du_Renard-Prechant-Cle_de_porte-1200x934.jpg 1200w, https:\/\/cabinet-gide.fr\/wp-content\/uploads\/2022\/06\/Strasbourg-6_rue_du_Renard-Prechant-Cle_de_porte.jpg 1245w\" sizes=\"(max-width: 600px) 100vw, 600px\" \/><p id=\"caption-attachment-2450\" class=\"wp-caption-text\"><em>Cl\u00e9 de porte du quartier de la Krutenau &#8211; Ji-Elle, CC BY-SA 4.0, via Wikimedia Commons<\/em><\/p><\/div>\n<h3><span style=\"font-weight: 400;\">Vivre \u00e0 la Krutenau aujourd\u2019hui\u00a0<\/span><\/h3>\n<h4><span style=\"font-weight: 400;\">Au c\u0153ur d\u2019une zone tr\u00e8s anim\u00e9e<\/span><\/h4>\n<p><span style=\"font-weight: 400;\">Appartements, duplex, studios : en choisissant <\/span><b>la Krutenau<\/b><span style=\"font-weight: 400;\"> pour votre projet <\/span><b>immobilier<\/b><span style=\"font-weight: 400;\">, vous optez pour une vie en plein centre de Strasbourg. Il s\u2019agit d\u2019un quartier populaire tr\u00e8s anim\u00e9 qui propose des biens avec beaucoup de <\/span><b>cachet.<\/b><span style=\"font-weight: 400;\"> Vous serez ancr\u00e9s au quotidien \u00e0 un pan de la riche histoire de la <\/span><b>capitale<\/b><span style=\"font-weight: 400;\"> alsacienne.<\/span><\/p>\n<h4><span style=\"font-weight: 400;\">L\u2019immobilier \u00e0 la Krutenau<\/span><\/h4>\n<p><span style=\"font-weight: 400;\">Le <\/span><b>prix<\/b><span style=\"font-weight: 400;\"> moyen d\u2019un bien \u00e0 l\u2019achat, au m\u00e8tre carr\u00e9, s&rsquo;\u00e9l\u00e8ve \u00e0 5 023 \u20ac. Sur cinq ans, les prix ont augment\u00e9 de 29 % et sur un an de 5 %.<\/span><\/p>\n<p><span style=\"font-weight: 400;\">Pour la <\/span><b>location<\/b><span style=\"font-weight: 400;\">, il faut compter un budget de 17 \u20ac du m\u00e8tre carr\u00e9. Bien que ces prix aient augment\u00e9 de 8 % sur 5 ans, une baisse de 4 % a \u00e9t\u00e9 observ\u00e9e depuis juin 2021.<\/span><\/p>\n<p><span style=\"font-weight: 400;\">Si vous souhaitez investir dans un <\/span><b>projet immobilier<\/b><span style=\"font-weight: 400;\"> \u00e0 <\/span><b>la Krutenau<\/b><span style=\"font-weight: 400;\">, la <\/span><a href=\"https:\/\/cabinet-gide.fr\/\"><span style=\"font-weight: 400;\">cabinet GIDE<\/span><\/a><span style=\"font-weight: 400;\"> vous accompagne. D\u00e9couvrez les <\/span><a href=\"https:\/\/cabinet-gide.fr\/index.php\/listings\/?purpose=buy&amp;location=&amp;type=&amp;min_price=&amp;max_price=&amp;min_beds=&amp;max_beds=\"><span style=\"font-weight: 400;\">biens en vente <\/span><\/a><span style=\"font-weight: 400;\">sans plus attendre.<\/span><\/p>\n","protected":false},"excerpt":{"rendered":"<p>Le terme de Krutenau viendrait de l\u2019ancien germanique Krutten qui pourrait se traduire par obstacles. En effet, avant de devenir  [&#8230;]<\/p>\n","protected":false},"author":1,"featured_media":2444,"comment_status":"open","ping_status":"open","sticky":false,"template":"","format":"standard","meta":{"footnotes":""},"categories":[1],"tags":[],"class_list":["post-2442","post","type-post","status-publish","format-standard","has-post-thumbnail","hentry","category-non-classe"],"yoast_head":"<!-- This site is optimized with the Yoast SEO plugin v27.4 - https:\/\/yoast.com\/product\/yoast-seo-wordpress\/ -->\n<title>La Krutenau - D\u00e9couvrez le quartier avec GIDE Immobilier<\/title>\n<meta name=\"description\" content=\"Le quartier historique de la Krutenau propose un cadre de vie jeune et dynamique \u00e0 quelques pas du centre ville de Strasbourg.\" \/>\n<meta name=\"robots\" content=\"index, follow, max-snippet:-1, max-image-preview:large, max-video-preview:-1\" \/>\n<link rel=\"canonical\" href=\"https:\/\/cabinet-gide.fr\/index.php\/2022\/07\/06\/le-quartier-de-la-krutenau\/\" \/>\n<meta property=\"og:locale\" content=\"fr_FR\" \/>\n<meta property=\"og:type\" content=\"article\" \/>\n<meta property=\"og:title\" content=\"La Krutenau - D\u00e9couvrez le quartier avec GIDE Immobilier\" \/>\n<meta property=\"og:description\" content=\"Le quartier historique de la Krutenau propose un cadre de vie jeune et dynamique \u00e0 quelques pas du centre ville de Strasbourg.\" \/>\n<meta property=\"og:url\" content=\"https:\/\/cabinet-gide.fr\/index.php\/2022\/07\/06\/le-quartier-de-la-krutenau\/\" \/>\n<meta property=\"og:site_name\" content=\"Cabinet Gide\" \/>\n<meta property=\"article:published_time\" content=\"2022-07-06T14:49:12+00:00\" \/>\n<meta property=\"og:image\" content=\"https:\/\/cabinet-gide.fr\/wp-content\/uploads\/2022\/06\/Vue-sur-la-Krutenau_Strasbourg-scaled.jpeg\" \/>\n\t<meta property=\"og:image:width\" content=\"2560\" \/>\n\t<meta property=\"og:image:height\" content=\"1707\" \/>\n\t<meta property=\"og:image:type\" content=\"image\/jpeg\" \/>\n<meta name=\"author\" content=\"adminGIDE\" \/>\n<meta name=\"twitter:card\" content=\"summary_large_image\" \/>\n<meta name=\"twitter:label1\" content=\"\u00c9crit par\" \/>\n\t<meta name=\"twitter:data1\" content=\"adminGIDE\" \/>\n\t<meta name=\"twitter:label2\" content=\"Dur\u00e9e de lecture estim\u00e9e\" \/>\n\t<meta name=\"twitter:data2\" content=\"7 minutes\" \/>\n<script type=\"application\/ld+json\" class=\"yoast-schema-graph\">{\"@context\":\"https:\\\/\\\/schema.org\",\"@graph\":[{\"@type\":\"Article\",\"@id\":\"https:\\\/\\\/cabinet-gide.fr\\\/index.php\\\/2022\\\/07\\\/06\\\/le-quartier-de-la-krutenau\\\/#article\",\"isPartOf\":{\"@id\":\"https:\\\/\\\/cabinet-gide.fr\\\/index.php\\\/2022\\\/07\\\/06\\\/le-quartier-de-la-krutenau\\\/\"},\"author\":{\"name\":\"adminGIDE\",\"@id\":\"https:\\\/\\\/cabinet-gide.fr\\\/#\\\/schema\\\/person\\\/26a63b20d5fd519a0090f6f55f79c7fe\"},\"headline\":\"La Krutenau, quartier aux multiples m\u00e9tamorphoses\",\"datePublished\":\"2022-07-06T14:49:12+00:00\",\"mainEntityOfPage\":{\"@id\":\"https:\\\/\\\/cabinet-gide.fr\\\/index.php\\\/2022\\\/07\\\/06\\\/le-quartier-de-la-krutenau\\\/\"},\"wordCount\":1047,\"commentCount\":0,\"publisher\":{\"@id\":\"https:\\\/\\\/cabinet-gide.fr\\\/#organization\"},\"image\":{\"@id\":\"https:\\\/\\\/cabinet-gide.fr\\\/index.php\\\/2022\\\/07\\\/06\\\/le-quartier-de-la-krutenau\\\/#primaryimage\"},\"thumbnailUrl\":\"https:\\\/\\\/cabinet-gide.fr\\\/wp-content\\\/uploads\\\/2022\\\/06\\\/Vue-sur-la-Krutenau_Strasbourg-scaled.jpeg\",\"inLanguage\":\"fr-FR\",\"potentialAction\":[{\"@type\":\"CommentAction\",\"name\":\"Comment\",\"target\":[\"https:\\\/\\\/cabinet-gide.fr\\\/index.php\\\/2022\\\/07\\\/06\\\/le-quartier-de-la-krutenau\\\/#respond\"]}]},{\"@type\":\"WebPage\",\"@id\":\"https:\\\/\\\/cabinet-gide.fr\\\/index.php\\\/2022\\\/07\\\/06\\\/le-quartier-de-la-krutenau\\\/\",\"url\":\"https:\\\/\\\/cabinet-gide.fr\\\/index.php\\\/2022\\\/07\\\/06\\\/le-quartier-de-la-krutenau\\\/\",\"name\":\"La Krutenau - D\u00e9couvrez le quartier avec GIDE Immobilier\",\"isPartOf\":{\"@id\":\"https:\\\/\\\/cabinet-gide.fr\\\/#website\"},\"primaryImageOfPage\":{\"@id\":\"https:\\\/\\\/cabinet-gide.fr\\\/index.php\\\/2022\\\/07\\\/06\\\/le-quartier-de-la-krutenau\\\/#primaryimage\"},\"image\":{\"@id\":\"https:\\\/\\\/cabinet-gide.fr\\\/index.php\\\/2022\\\/07\\\/06\\\/le-quartier-de-la-krutenau\\\/#primaryimage\"},\"thumbnailUrl\":\"https:\\\/\\\/cabinet-gide.fr\\\/wp-content\\\/uploads\\\/2022\\\/06\\\/Vue-sur-la-Krutenau_Strasbourg-scaled.jpeg\",\"datePublished\":\"2022-07-06T14:49:12+00:00\",\"description\":\"Le quartier historique de la Krutenau propose un cadre de vie jeune et dynamique \u00e0 quelques pas du centre ville de Strasbourg.\",\"breadcrumb\":{\"@id\":\"https:\\\/\\\/cabinet-gide.fr\\\/index.php\\\/2022\\\/07\\\/06\\\/le-quartier-de-la-krutenau\\\/#breadcrumb\"},\"inLanguage\":\"fr-FR\",\"potentialAction\":[{\"@type\":\"ReadAction\",\"target\":[\"https:\\\/\\\/cabinet-gide.fr\\\/index.php\\\/2022\\\/07\\\/06\\\/le-quartier-de-la-krutenau\\\/\"]}]},{\"@type\":\"ImageObject\",\"inLanguage\":\"fr-FR\",\"@id\":\"https:\\\/\\\/cabinet-gide.fr\\\/index.php\\\/2022\\\/07\\\/06\\\/le-quartier-de-la-krutenau\\\/#primaryimage\",\"url\":\"https:\\\/\\\/cabinet-gide.fr\\\/wp-content\\\/uploads\\\/2022\\\/06\\\/Vue-sur-la-Krutenau_Strasbourg-scaled.jpeg\",\"contentUrl\":\"https:\\\/\\\/cabinet-gide.fr\\\/wp-content\\\/uploads\\\/2022\\\/06\\\/Vue-sur-la-Krutenau_Strasbourg-scaled.jpeg\",\"width\":2560,\"height\":1707,\"caption\":\"Vue sur le quartier de la Krutenau \u00e0 Strasbourg. Adobe Stock\"},{\"@type\":\"BreadcrumbList\",\"@id\":\"https:\\\/\\\/cabinet-gide.fr\\\/index.php\\\/2022\\\/07\\\/06\\\/le-quartier-de-la-krutenau\\\/#breadcrumb\",\"itemListElement\":[{\"@type\":\"ListItem\",\"position\":1,\"name\":\"Home\",\"item\":\"https:\\\/\\\/cabinet-gide.fr\\\/\"},{\"@type\":\"ListItem\",\"position\":2,\"name\":\"La Krutenau, quartier aux multiples m\u00e9tamorphoses\"}]},{\"@type\":\"WebSite\",\"@id\":\"https:\\\/\\\/cabinet-gide.fr\\\/#website\",\"url\":\"https:\\\/\\\/cabinet-gide.fr\\\/\",\"name\":\"Cabinet Gide\",\"description\":\"le cabinet Gide vous accompagne dans la gestion et dans la transaction de vos biens immobiliers\",\"publisher\":{\"@id\":\"https:\\\/\\\/cabinet-gide.fr\\\/#organization\"},\"potentialAction\":[{\"@type\":\"SearchAction\",\"target\":{\"@type\":\"EntryPoint\",\"urlTemplate\":\"https:\\\/\\\/cabinet-gide.fr\\\/?s={search_term_string}\"},\"query-input\":{\"@type\":\"PropertyValueSpecification\",\"valueRequired\":true,\"valueName\":\"search_term_string\"}}],\"inLanguage\":\"fr-FR\"},{\"@type\":\"Organization\",\"@id\":\"https:\\\/\\\/cabinet-gide.fr\\\/#organization\",\"name\":\"Gide Gestion immobili\u00e8re de l'Est\",\"url\":\"https:\\\/\\\/cabinet-gide.fr\\\/\",\"logo\":{\"@type\":\"ImageObject\",\"inLanguage\":\"fr-FR\",\"@id\":\"https:\\\/\\\/cabinet-gide.fr\\\/#\\\/schema\\\/logo\\\/image\\\/\",\"url\":\"https:\\\/\\\/cabinet-gide.fr\\\/wp-content\\\/uploads\\\/2021\\\/06\\\/logo_rvb_horizontal-200.png\",\"contentUrl\":\"https:\\\/\\\/cabinet-gide.fr\\\/wp-content\\\/uploads\\\/2021\\\/06\\\/logo_rvb_horizontal-200.png\",\"width\":200,\"height\":59,\"caption\":\"Gide Gestion immobili\u00e8re de l'Est\"},\"image\":{\"@id\":\"https:\\\/\\\/cabinet-gide.fr\\\/#\\\/schema\\\/logo\\\/image\\\/\"}},{\"@type\":\"Person\",\"@id\":\"https:\\\/\\\/cabinet-gide.fr\\\/#\\\/schema\\\/person\\\/26a63b20d5fd519a0090f6f55f79c7fe\",\"name\":\"adminGIDE\",\"image\":{\"@type\":\"ImageObject\",\"inLanguage\":\"fr-FR\",\"@id\":\"https:\\\/\\\/secure.gravatar.com\\\/avatar\\\/4f4f11dd6e8f5ee98d71a74760feeb062e02ba2a32211b714d9c2d9e8eca07d2?s=96&d=mm&r=g\",\"url\":\"https:\\\/\\\/secure.gravatar.com\\\/avatar\\\/4f4f11dd6e8f5ee98d71a74760feeb062e02ba2a32211b714d9c2d9e8eca07d2?s=96&d=mm&r=g\",\"contentUrl\":\"https:\\\/\\\/secure.gravatar.com\\\/avatar\\\/4f4f11dd6e8f5ee98d71a74760feeb062e02ba2a32211b714d9c2d9e8eca07d2?s=96&d=mm&r=g\",\"caption\":\"adminGIDE\"},\"sameAs\":[\"https:\\\/\\\/cabinet-gide.fr\"],\"url\":\"https:\\\/\\\/cabinet-gide.fr\\\/index.php\\\/agent\\\/adminGIDE\"}]}<\/script>\n<!-- \/ Yoast SEO plugin. -->","yoast_head_json":{"title":"La Krutenau - D\u00e9couvrez le quartier avec GIDE Immobilier","description":"Le quartier historique de la Krutenau propose un cadre de vie jeune et dynamique \u00e0 quelques pas du centre ville de Strasbourg.","robots":{"index":"index","follow":"follow","max-snippet":"max-snippet:-1","max-image-preview":"max-image-preview:large","max-video-preview":"max-video-preview:-1"},"canonical":"https:\/\/cabinet-gide.fr\/index.php\/2022\/07\/06\/le-quartier-de-la-krutenau\/","og_locale":"fr_FR","og_type":"article","og_title":"La Krutenau - D\u00e9couvrez le quartier avec GIDE Immobilier","og_description":"Le quartier historique de la Krutenau propose un cadre de vie jeune et dynamique \u00e0 quelques pas du centre ville de Strasbourg.","og_url":"https:\/\/cabinet-gide.fr\/index.php\/2022\/07\/06\/le-quartier-de-la-krutenau\/","og_site_name":"Cabinet Gide","article_published_time":"2022-07-06T14:49:12+00:00","og_image":[{"width":2560,"height":1707,"url":"https:\/\/cabinet-gide.fr\/wp-content\/uploads\/2022\/06\/Vue-sur-la-Krutenau_Strasbourg-scaled.jpeg","type":"image\/jpeg"}],"author":"adminGIDE","twitter_card":"summary_large_image","twitter_misc":{"\u00c9crit par":"adminGIDE","Dur\u00e9e de lecture estim\u00e9e":"7 minutes"},"schema":{"@context":"https:\/\/schema.org","@graph":[{"@type":"Article","@id":"https:\/\/cabinet-gide.fr\/index.php\/2022\/07\/06\/le-quartier-de-la-krutenau\/#article","isPartOf":{"@id":"https:\/\/cabinet-gide.fr\/index.php\/2022\/07\/06\/le-quartier-de-la-krutenau\/"},"author":{"name":"adminGIDE","@id":"https:\/\/cabinet-gide.fr\/#\/schema\/person\/26a63b20d5fd519a0090f6f55f79c7fe"},"headline":"La Krutenau, quartier aux multiples m\u00e9tamorphoses","datePublished":"2022-07-06T14:49:12+00:00","mainEntityOfPage":{"@id":"https:\/\/cabinet-gide.fr\/index.php\/2022\/07\/06\/le-quartier-de-la-krutenau\/"},"wordCount":1047,"commentCount":0,"publisher":{"@id":"https:\/\/cabinet-gide.fr\/#organization"},"image":{"@id":"https:\/\/cabinet-gide.fr\/index.php\/2022\/07\/06\/le-quartier-de-la-krutenau\/#primaryimage"},"thumbnailUrl":"https:\/\/cabinet-gide.fr\/wp-content\/uploads\/2022\/06\/Vue-sur-la-Krutenau_Strasbourg-scaled.jpeg","inLanguage":"fr-FR","potentialAction":[{"@type":"CommentAction","name":"Comment","target":["https:\/\/cabinet-gide.fr\/index.php\/2022\/07\/06\/le-quartier-de-la-krutenau\/#respond"]}]},{"@type":"WebPage","@id":"https:\/\/cabinet-gide.fr\/index.php\/2022\/07\/06\/le-quartier-de-la-krutenau\/","url":"https:\/\/cabinet-gide.fr\/index.php\/2022\/07\/06\/le-quartier-de-la-krutenau\/","name":"La Krutenau - D\u00e9couvrez le quartier avec GIDE Immobilier","isPartOf":{"@id":"https:\/\/cabinet-gide.fr\/#website"},"primaryImageOfPage":{"@id":"https:\/\/cabinet-gide.fr\/index.php\/2022\/07\/06\/le-quartier-de-la-krutenau\/#primaryimage"},"image":{"@id":"https:\/\/cabinet-gide.fr\/index.php\/2022\/07\/06\/le-quartier-de-la-krutenau\/#primaryimage"},"thumbnailUrl":"https:\/\/cabinet-gide.fr\/wp-content\/uploads\/2022\/06\/Vue-sur-la-Krutenau_Strasbourg-scaled.jpeg","datePublished":"2022-07-06T14:49:12+00:00","description":"Le quartier historique de la Krutenau propose un cadre de vie jeune et dynamique \u00e0 quelques pas du centre ville de Strasbourg.","breadcrumb":{"@id":"https:\/\/cabinet-gide.fr\/index.php\/2022\/07\/06\/le-quartier-de-la-krutenau\/#breadcrumb"},"inLanguage":"fr-FR","potentialAction":[{"@type":"ReadAction","target":["https:\/\/cabinet-gide.fr\/index.php\/2022\/07\/06\/le-quartier-de-la-krutenau\/"]}]},{"@type":"ImageObject","inLanguage":"fr-FR","@id":"https:\/\/cabinet-gide.fr\/index.php\/2022\/07\/06\/le-quartier-de-la-krutenau\/#primaryimage","url":"https:\/\/cabinet-gide.fr\/wp-content\/uploads\/2022\/06\/Vue-sur-la-Krutenau_Strasbourg-scaled.jpeg","contentUrl":"https:\/\/cabinet-gide.fr\/wp-content\/uploads\/2022\/06\/Vue-sur-la-Krutenau_Strasbourg-scaled.jpeg","width":2560,"height":1707,"caption":"Vue sur le quartier de la Krutenau \u00e0 Strasbourg. Adobe Stock"},{"@type":"BreadcrumbList","@id":"https:\/\/cabinet-gide.fr\/index.php\/2022\/07\/06\/le-quartier-de-la-krutenau\/#breadcrumb","itemListElement":[{"@type":"ListItem","position":1,"name":"Home","item":"https:\/\/cabinet-gide.fr\/"},{"@type":"ListItem","position":2,"name":"La Krutenau, quartier aux multiples m\u00e9tamorphoses"}]},{"@type":"WebSite","@id":"https:\/\/cabinet-gide.fr\/#website","url":"https:\/\/cabinet-gide.fr\/","name":"Cabinet Gide","description":"le cabinet Gide vous accompagne dans la gestion et dans la transaction de vos biens immobiliers","publisher":{"@id":"https:\/\/cabinet-gide.fr\/#organization"},"potentialAction":[{"@type":"SearchAction","target":{"@type":"EntryPoint","urlTemplate":"https:\/\/cabinet-gide.fr\/?s={search_term_string}"},"query-input":{"@type":"PropertyValueSpecification","valueRequired":true,"valueName":"search_term_string"}}],"inLanguage":"fr-FR"},{"@type":"Organization","@id":"https:\/\/cabinet-gide.fr\/#organization","name":"Gide Gestion immobili\u00e8re de l'Est","url":"https:\/\/cabinet-gide.fr\/","logo":{"@type":"ImageObject","inLanguage":"fr-FR","@id":"https:\/\/cabinet-gide.fr\/#\/schema\/logo\/image\/","url":"https:\/\/cabinet-gide.fr\/wp-content\/uploads\/2021\/06\/logo_rvb_horizontal-200.png","contentUrl":"https:\/\/cabinet-gide.fr\/wp-content\/uploads\/2021\/06\/logo_rvb_horizontal-200.png","width":200,"height":59,"caption":"Gide Gestion immobili\u00e8re de l'Est"},"image":{"@id":"https:\/\/cabinet-gide.fr\/#\/schema\/logo\/image\/"}},{"@type":"Person","@id":"https:\/\/cabinet-gide.fr\/#\/schema\/person\/26a63b20d5fd519a0090f6f55f79c7fe","name":"adminGIDE","image":{"@type":"ImageObject","inLanguage":"fr-FR","@id":"https:\/\/secure.gravatar.com\/avatar\/4f4f11dd6e8f5ee98d71a74760feeb062e02ba2a32211b714d9c2d9e8eca07d2?s=96&d=mm&r=g","url":"https:\/\/secure.gravatar.com\/avatar\/4f4f11dd6e8f5ee98d71a74760feeb062e02ba2a32211b714d9c2d9e8eca07d2?s=96&d=mm&r=g","contentUrl":"https:\/\/secure.gravatar.com\/avatar\/4f4f11dd6e8f5ee98d71a74760feeb062e02ba2a32211b714d9c2d9e8eca07d2?s=96&d=mm&r=g","caption":"adminGIDE"},"sameAs":["https:\/\/cabinet-gide.fr"],"url":"https:\/\/cabinet-gide.fr\/index.php\/agent\/adminGIDE"}]}},"_links":{"self":[{"href":"https:\/\/cabinet-gide.fr\/index.php\/wp-json\/wp\/v2\/posts\/2442","targetHints":{"allow":["GET"]}}],"collection":[{"href":"https:\/\/cabinet-gide.fr\/index.php\/wp-json\/wp\/v2\/posts"}],"about":[{"href":"https:\/\/cabinet-gide.fr\/index.php\/wp-json\/wp\/v2\/types\/post"}],"author":[{"embeddable":true,"href":"https:\/\/cabinet-gide.fr\/index.php\/wp-json\/wp\/v2\/users\/1"}],"replies":[{"embeddable":true,"href":"https:\/\/cabinet-gide.fr\/index.php\/wp-json\/wp\/v2\/comments?post=2442"}],"version-history":[{"count":5,"href":"https:\/\/cabinet-gide.fr\/index.php\/wp-json\/wp\/v2\/posts\/2442\/revisions"}],"predecessor-version":[{"id":2455,"href":"https:\/\/cabinet-gide.fr\/index.php\/wp-json\/wp\/v2\/posts\/2442\/revisions\/2455"}],"wp:featuredmedia":[{"embeddable":true,"href":"https:\/\/cabinet-gide.fr\/index.php\/wp-json\/wp\/v2\/media\/2444"}],"wp:attachment":[{"href":"https:\/\/cabinet-gide.fr\/index.php\/wp-json\/wp\/v2\/media?parent=2442"}],"wp:term":[{"taxonomy":"category","embeddable":true,"href":"https:\/\/cabinet-gide.fr\/index.php\/wp-json\/wp\/v2\/categories?post=2442"},{"taxonomy":"post_tag","embeddable":true,"href":"https:\/\/cabinet-gide.fr\/index.php\/wp-json\/wp\/v2\/tags?post=2442"}],"curies":[{"name":"wp","href":"https:\/\/api.w.org\/{rel}","templated":true}]}}